{"id":1024,"date":"2025-10-23T09:55:12","date_gmt":"2025-10-23T09:55:12","guid":{"rendered":"https:\/\/farmaziagabilondo.es\/?p=1024"},"modified":"2025-11-17T11:46:25","modified_gmt":"2025-11-17T11:46:25","slug":"una-tarde-de-dermofarmacia-con-medik8-cuidarse-tambien-es-disfrutar","status":"publish","type":"post","link":"https:\/\/farmaziagabilondo.es\/eu\/una-tarde-de-dermofarmacia-con-medik8-cuidarse-tambien-es-disfrutar\/","title":{"rendered":"Una tarde de dermofarmacia con Medik8: cuidarse tambi\u00e9n es disfrutar"},"content":{"rendered":"<div data-elementor-type=\"wp-post\" data-elementor-id=\"1024\" class=\"elementor elementor-1024\" data-elementor-post-type=\"post\">\n\t\t\t\t<div class=\"elementor-element elementor-element-c35eaf5 e-flex e-con-boxed e-con e-parent\" data-id=\"c35eaf5\" data-element_type=\"container\" data-e-type=\"container\">\n\t\t\t\t\t<div class=\"e-con-inner\">\n\t\t\t\t<div class=\"elementor-element elementor-element-e13e473 elementor-widget elementor-widget-image\" data-id=\"e13e473\" data-element_type=\"widget\" data-e-type=\"widget\" data-widget_type=\"image.default\">\n\t\t\t\t<div class=\"elementor-widget-container\">\n\t\t\t\t\t\t\t\t\t\t\t\t\t\t\t<img fetchpriority=\"high\" decoding=\"async\" width=\"1280\" height=\"850\" src=\"https:\/\/farmaziagabilondo.es\/wp-content\/uploads\/2025\/10\/nauseas-embarazo-2.jpg\" class=\"attachment-full size-full wp-image-1040\" alt=\"nauseas embarazo\" srcset=\"https:\/\/farmaziagabilondo.es\/wp-content\/uploads\/2025\/10\/nauseas-embarazo-2.jpg 1280w, https:\/\/farmaziagabilondo.es\/wp-content\/uploads\/2025\/10\/nauseas-embarazo-2-300x199.jpg 300w, https:\/\/farmaziagabilondo.es\/wp-content\/uploads\/2025\/10\/nauseas-embarazo-2-1024x680.jpg 1024w, https:\/\/farmaziagabilondo.es\/wp-content\/uploads\/2025\/10\/nauseas-embarazo-2-768x510.jpg 768w, https:\/\/farmaziagabilondo.es\/wp-content\/uploads\/2025\/10\/nauseas-embarazo-2-18x12.jpg 18w\" sizes=\"(max-width: 1280px) 100vw, 1280px\" \/>\t\t\t\t\t\t\t\t\t\t\t\t\t\t\t<\/div>\n\t\t\t\t<\/div>\n\t\t\t\t\t<\/div>\n\t\t\t\t<\/div>\n\t\t<div class=\"elementor-element elementor-element-7c0499b6 e-flex e-con-boxed e-con e-parent\" data-id=\"7c0499b6\" data-element_type=\"container\" data-e-type=\"container\">\n\t\t\t\t\t<div class=\"e-con-inner\">\n\t\t\t\t<div class=\"elementor-element elementor-element-e5cb8fb elementor-widget elementor-widget-heading\" data-id=\"e5cb8fb\" data-element_type=\"widget\" data-e-type=\"widget\" data-widget_type=\"heading.default\">\n\t\t\t\t<div class=\"elementor-widget-container\">\n\t\t\t\t\t<h2 class=\"elementor-heading-title elementor-size-default\"><span style=\"font-weight:normal\" id=\"docs-internal-guid-ac91a60c-7fff-a157-6e6c-c28300033c0b\"><span style=\"font-size: 23pt;font-family: Arial, sans-serif;background-color: transparent;font-weight: 700;vertical-align: baseline\">N\u00e1useas en el embarazo; Gu\u00eda completa sobre Bonjesta\u00ae, Cariban\u00ae y Nausealiv\u00ae <\/span><\/span><\/h2>\t\t\t\t<\/div>\n\t\t\t\t<\/div>\n\t\t\t\t<div class=\"elementor-element elementor-element-732161d9 elementor-widget elementor-widget-text-editor\" data-id=\"732161d9\" data-element_type=\"widget\" data-e-type=\"widget\" data-widget_type=\"text-editor.default\">\n\t\t\t\t<div class=\"elementor-widget-container\">\n\t\t\t\t\t\t\t\t\t<h1><span style=\"font-size: 1rem;\">Las <\/span><b style=\"font-size: 1rem;\">n\u00e1useas y v\u00f3mitos del embarazo <\/b><span style=\"font-size: 1rem;\">\u00a0afectan a un gran n\u00famero de mujeres, especialmente durante el primer trimestre. Aunque suelen mejorar de forma espont\u00e1nea, en muchos casos requieren tratamiento para que la paciente pueda llevar una vida normal.<\/span><\/h1><p><span style=\"font-weight: 400;\">En la farmacia vemos a diario c\u00f3mo medicamentos como <\/span><b>Bonjesta\u00ae<\/b><span style=\"font-weight: 400;\">, <\/span><b>Cariban\u00ae<\/b><span style=\"font-weight: 400;\"> y complementos como <\/span><b>Nausealiv\u00ae<\/b><span style=\"font-weight: 400;\"> generan dudas,\u00a0 por el hecho de que <\/span><b>no est\u00e1n financiados<\/b><span style=\"font-weight: 400;\">.<\/span><\/p><p><span style=\"font-weight: 400;\">En esta gu\u00eda te explicamos de forma clara qu\u00e9 es cada uno, c\u00f3mo funciona y c\u00f3mo debes tomarlos, siempre con la recomendaci\u00f3n de consultar previamente con tu m\u00e9dico o farmac\u00e9utico.<\/span><\/p><h2><b>1. Principios activos: qu\u00e9 tienen en com\u00fan y en qu\u00e9 se diferencian<\/b><\/h2><p><span style=\"font-weight: 400;\">Los medicamentos <\/span><i><span style=\"font-weight: 400;\">Bonjesta\u00ae<\/span><\/i><span style=\"font-weight: 400;\"> y <\/span><i><span style=\"font-weight: 400;\">Cariban\u00ae<\/span><\/i><span style=\"font-weight: 400;\"> comparten los mismos principios activos:<\/span><\/p><ul><li style=\"font-weight: 400;\" aria-level=\"1\"><b>Doxilamina:<\/b><span style=\"font-weight: 400;\"> antihistam\u00ednico con efecto antiem\u00e9tico.<\/span><\/li><li style=\"font-weight: 400;\" aria-level=\"1\"><b>Piridoxina (Vitamina B6):<\/b><span style=\"font-weight: 400;\"> ayuda a reducir las n\u00e1useas.<\/span><\/li><\/ul><p><span style=\"font-weight: 400;\">Estos 2 f\u00e1rmacos est\u00e1n respaldados por evidencia y se consideran uno de los tratamientos de primera l\u00ednea en n\u00e1useas del embarazo.<\/span><\/p><p><span style=\"font-weight: 400;\">Por otro lado, <\/span><b>Nausealiv\u00ae<\/b><span style=\"font-weight: 400;\"> no es un medicamento, sino un <\/span><b>complemento alimenticio<\/b><span style=\"font-weight: 400;\"> elaborado a base de <\/span><b>jengibre estandarizado<\/b><span style=\"font-weight: 400;\">, un ingrediente natural con propiedades antiem\u00e9ticas avaladas por estudios.<\/span><\/p><h2><b>2. Diferencias clave entre Bonjesta\u00ae, Cariban\u00ae y Nausealiv\u00ae<\/b><\/h2><table><tbody><tr><td><p><b>Producto<\/b><\/p><\/td><td><p><b>Tipo<\/b><\/p><\/td><td><p><b>Principios activos<\/b><\/p><\/td><td><p><b>Liberaci\u00f3n<\/b><\/p><\/td><td><p><b>\u00bfRequiere receta?<\/b><\/p><\/td><td><p><b>\u00bfFinanciado?<\/b><\/p><\/td><\/tr><tr><td><p><b>Bonjesta\u00ae<\/b><\/p><\/td><td><p><span style=\"font-weight: 400;\">Medicamento<\/span><\/p><\/td><td><p><span style=\"font-weight: 400;\">Doxilamina 20 mg + Piridoxina 20 mg<\/span><\/p><\/td><td><p><span style=\"font-weight: 400;\">Liberaci\u00f3n dual (inmediata + prolongada)<\/span><\/p><\/td><td><p><b>S\u00ed<\/b><\/p><\/td><td><p><span style=\"font-weight: 400;\">\u274c No<\/span><\/p><\/td><\/tr><tr><td><p><b>Cariban\u00ae<\/b><\/p><\/td><td><p><span style=\"font-weight: 400;\">Medicamento<\/span><\/p><\/td><td><p><span style=\"font-weight: 400;\">Doxilamina 10 mg + Piridoxina 10 mg<\/span><\/p><\/td><td><p><span style=\"font-weight: 400;\">Liberaci\u00f3n modificada (acci\u00f3n a las ~12 h)<\/span><\/p><\/td><td><p><b>S\u00ed<\/b><\/p><\/td><td><p><span style=\"font-weight: 400;\">\u274c No<\/span><\/p><\/td><\/tr><tr><td><p><b>Nausealiv\u00ae<\/b><\/p><\/td><td><p><span style=\"font-weight: 400;\">Complemento alimenticio<\/span><\/p><\/td><td><p><span style=\"font-weight: 400;\">Jengibre seco estandarizado<\/span><\/p><\/td><td><p><span style=\"font-weight: 400;\">Liberaci\u00f3n inmediata<\/span><\/p><\/td><td><p><span style=\"font-weight: 400;\">\u274c No<\/span><\/p><\/td><td><p><span style=\"font-weight: 400;\">\u274c No<\/span><\/p><\/td><\/tr><\/tbody><\/table><h3><b>Resumen r\u00e1pido:<\/b><\/h3><ul><li style=\"font-weight: 400;\" aria-level=\"1\"><b>Bonjesta\u00ae y Cariban\u00ae son medicamentos con prescripci\u00f3n m\u00e9dica<\/b><span style=\"font-weight: 400;\">, aunque no est\u00e1n financiados.<\/span><\/li><li style=\"font-weight: 400;\" aria-level=\"1\"><b>Nausealiv\u00ae es un complemento alimenticio<\/b><span style=\"font-weight: 400;\">, sin necesidad de receta, pero que debe usarse bajo recomendaci\u00f3n profesional si est\u00e1s embarazada.<\/span><\/li><\/ul><div>\u00a0<\/div><h2><b>3. \u00bfPara qu\u00e9 sirve cada uno?<\/b><\/h2><h3><span style=\"font-size: 1rem;\">Bonjesta y Cariban\u00a0 est\u00e1n indicados para el <\/span><b style=\"font-size: 1rem;\">tratamiento de las n\u00e1useas y v\u00f3mitos del embarazo<\/b><span style=\"font-size: 1rem;\"> cuando las medidas diet\u00e9ticas no son suficientes.<\/span><\/h3><p><span style=\"font-weight: 400;\">Nausealiv es un complemento pensado para <\/span><b>ayudar a reducir las n\u00e1useas<\/b><span style=\"font-weight: 400;\">, mareos y v\u00f3mitos.<\/span><\/p><p><span style=\"font-weight: 400;\"> En embarazo suele recomendarse a partir del primer mes, siguiendo siempre la indicaci\u00f3n de un profesional.<\/span><\/p><p><span style=\"font-weight: 400;\">\u00a0<\/span><\/p><h2><b>4. C\u00f3mo se toman: pautas explicadas de forma sencilla<\/b><\/h2><p><span style=\"font-weight: 400;\">A continuaci\u00f3n te presentamos las posolog\u00edas tal como se recomiendan habitualmente, pero la pauta exacta <\/span><b>debe individualizarla tu m\u00e9dico<\/b><span style=\"font-weight: 400;\">.<\/span><\/p><h1><b>\ud83d\udccc CARIBAN<\/b><\/h1><p><span style=\"font-weight: 400;\">Cariban tiene una liberaci\u00f3n modificada, por lo que <\/span><b>empieza a hacer efecto a las 12 horas<\/b><span style=\"font-weight: 400;\"> de su toma. Esto explica por qu\u00e9 suele pautarse por la noche aunque las n\u00e1useas sean matinales.<\/span><\/p><p>Si las n\u00e1useas aparecen por la ma\u00f1ana: tomar 2 capsulas antes de dormir. Si las n\u00e1useas est\u00e1n controladas, mantener 2 c\u00e1psulas antes de dormir. Si a\u00fan tienes n\u00e1useas por la tarde, sigue con 2 c\u00e1psulas por la noche.\u00a0<\/p><h3><b>D\u00eda 2<\/b><\/h3><ul><li style=\"font-weight: 400;\" aria-level=\"1\"><span style=\"font-weight: 400;\">Si las n\u00e1useas est\u00e1n controladas \u2192 <\/span><b>mantener 2 c\u00e1psulas antes de dormir<\/b><span style=\"font-weight: 400;\">.<\/span><\/li><li style=\"font-weight: 400;\" aria-level=\"1\"><span style=\"font-weight: 400;\">Si <\/span><b>a\u00fan tienes n\u00e1useas por la tarde<\/b><span style=\"font-weight: 400;\"> \u2192 sigue con 2 c\u00e1psulas por la noche.<\/span><\/li><\/ul><h3><b>D\u00eda 3<\/b><\/h3><p><span style=\"font-weight: 400;\">Si persisten los s\u00edntomas, subir a <\/span><b>3 c\u00e1psulas al d\u00eda. 1 por la ma\u00f1ana y 2 antes de dormir\u00a0<\/b><\/p><h3><b>D\u00eda 4 en adelante<\/b><\/h3><p><span style=\"font-weight: 400;\">Si todav\u00eda no se controlan:\u00a0<\/span><b style=\"background-color: transparent;\">4 c\u00e1psulas al d\u00eda:\u00a0<\/b><span style=\"background-color: transparent;\">1 por la ma\u00f1ana,\u00a0<\/span><span style=\"background-color: transparent;\">1 a media tarde,\u00a0<\/span><span style=\"background-color: transparent;\">2 antes de dormir<\/span><\/p><p><b>M\u00e1ximo: 4 c\u00e1psulas\/d\u00eda.<\/b><\/p><h1><b>\ud83d\udccc BONJESTA\u00ae\u00a0<\/b><\/h1><h3><b>D\u00eda 1 y D\u00eda 2<\/b><\/h3><ul><li style=\"font-weight: 400;\" aria-level=\"1\"><span style=\"font-weight: 400;\">Tomar <\/span><b>1 comprimido por la noche<\/b><span style=\"font-weight: 400;\">, justo antes de acostarte.<\/span><\/li><\/ul><h3><b>D\u00eda 3<\/b><\/h3><p><span style=\"font-weight: 400;\">Si las n\u00e1useas no est\u00e1n controladas:<\/span><\/p><ul><li style=\"font-weight: 400;\" aria-level=\"1\"><b>1 comprimido por la ma\u00f1ana + 1 por la noche<\/b><b><br \/><\/b><span style=\"font-weight: 400;\"> (Total: 2 comprimidos al d\u00eda)<\/span><\/li><\/ul><h3><b>Al dejar el tratamiento<\/b><\/h3><p><span style=\"font-weight: 400;\">Bonjesta debe <\/span><b>reducirse de forma gradual<\/b><span style=\"font-weight: 400;\"> para evitar que los s\u00edntomas vuelvan de forma brusca.<\/span><\/p><h1><b>\ud83d\udccc NAUSEALIV\u00ae \u2014 C\u00f3mo tomarlo<\/b><\/h1><p><span style=\"font-weight: 400;\">En embarazo (a partir del primer mes):<\/span><\/p><ul><li style=\"font-weight: 400;\" aria-level=\"1\"><b>1 comprimido por la ma\u00f1ana y 1 al mediod\u00eda<\/b><\/li><li style=\"font-weight: 400;\" aria-level=\"1\"><span style=\"font-weight: 400;\">M\u00e1ximo: <\/span><b>2 comprimidos al d\u00eda<\/b><\/li><\/ul><h2><b>5. Desde la farmacia: consejos pr\u00e1cticos<\/b><\/h2><p><span style=\"font-weight: 400;\">\u2714 Los tres productos <\/span><b>no est\u00e1n financiados<\/b><span style=\"font-weight: 400;\">, pero solo <\/span><b>Bonjesta y Cariban requieren prescripci\u00f3n m\u00e9dica<\/b><span style=\"font-weight: 400;\">.<\/span><span style=\"font-weight: 400;\"><br \/><\/span><span style=\"font-weight: 400;\"> \u2714 No alternes ni combines estos tratamientos sin indicaci\u00f3n profesional.<\/span><span style=\"font-weight: 400;\"><br \/><\/span><span style=\"font-weight: 400;\"> \u2714 Si vomitas poco despu\u00e9s de tomar la dosis, consulta si debes repetirla.<\/span><span style=\"font-weight: 400;\"><br \/><\/span><span style=\"font-weight: 400;\"> \u2714 Llama a tu m\u00e9dico si presentas v\u00f3mitos intensos, p\u00e9rdida de peso o signos de deshidrataci\u00f3n.<\/span><span style=\"font-weight: 400;\"><br \/><\/span><span style=\"font-weight: 400;\"> \u2714 Mant\u00e9n pautas diet\u00e9ticas:<\/span><\/p><ul><li style=\"font-weight: 400;\" aria-level=\"1\"><span style=\"font-weight: 400;\">comidas peque\u00f1as frecuentes<\/span><\/li><li style=\"font-weight: 400;\" aria-level=\"1\"><span style=\"font-weight: 400;\">evita olores desencadenantes<\/span><\/li><li style=\"font-weight: 400;\" aria-level=\"1\"><span style=\"font-weight: 400;\">hidr\u00e1tate de forma constante<\/span><\/li><li style=\"font-weight: 400;\" aria-level=\"1\"><span style=\"font-weight: 400;\">toma algo s\u00f3lido antes de levantarte por la ma\u00f1ana<\/span><\/li><\/ul><h2><b>6. Conclusi\u00f3n<\/b><\/h2><p><span style=\"font-weight: 400;\">Las n\u00e1useas del embarazo pueden ser muy molestas, pero existen opciones eficaces. La clave est\u00e1 en saber <\/span><b>qu\u00e9 tomar y c\u00f3mo hacerlo<\/b><span style=\"font-weight: 400;\"> seg\u00fan la intensidad de los s\u00edntomas.<\/span><\/p><p><span style=\"font-weight: 400;\">Desde la farmacia podemos ayudarte a elegir la mejor opci\u00f3n y a comprender las pautas, especialmente en tratamientos como <\/span><b>Cariban<\/b><span style=\"font-weight: 400;\"> o <\/span><b>Bonjesta<\/b><span style=\"font-weight: 400;\">, que pueden resultar confusos al inicio.<\/span><\/p>\t\t\t\t\t\t\t\t<\/div>\n\t\t\t\t<\/div>\n\t\t\t\t\t<\/div>\n\t\t\t\t<\/div>\n\t\t\t\t<\/div>","protected":false},"excerpt":{"rendered":"<p>N\u00e1useas en el embarazo; Gu\u00eda completa sobre Bonjesta\u00ae, Cariban\u00ae y Nausealiv\u00ae Las n\u00e1useas y v\u00f3mitos del embarazo \u00a0afectan a un gran n\u00famero de mujeres, especialmente durante el primer trimestre. Aunque suelen mejorar de forma espont\u00e1nea, en muchos casos requieren tratamiento para que la paciente pueda llevar una vida normal. En la farmacia vemos a diario [&hellip;]<\/p>\n","protected":false},"author":1,"featured_media":1026,"comment_status":"closed","ping_status":"closed","sticky":false,"template":"elementor_canvas","format":"standard","meta":{"footnotes":""},"categories":[1],"tags":[17,18,15,16],"class_list":["post-1024","post","type-post","status-publish","format-standard","has-post-thumbnail","hentry","category-uncategorized","tag-alakrana","tag-bermeo","tag-dermofarmazia","tag-medik8"],"yoast_head":"<!-- This site is optimized with the Yoast SEO plugin v27.5 - https:\/\/yoast.com\/product\/yoast-seo-wordpress\/ -->\n<title>Dermofarmacial<\/title>\n<meta name=\"description\" content=\"Este 23 de octubre te invitamos a un evento con Medik8, marca pionera en cosm\u00e9tica cient\u00edfica con su reconocida filosof\u00eda CSA.\" \/>\n<meta name=\"robots\" content=\"index, follow, max-snippet:-1, max-image-preview:large, max-video-preview:-1\" \/>\n<link rel=\"canonical\" href=\"https:\/\/farmaziagabilondo.es\/eu\/una-tarde-de-dermofarmacia-con-medik8-cuidarse-tambien-es-disfrutar\/\" \/>\n<meta property=\"og:locale\" content=\"en_US\" \/>\n<meta property=\"og:type\" content=\"article\" \/>\n<meta property=\"og:title\" content=\"Dermofarmacial\" \/>\n<meta property=\"og:description\" content=\"Este 23 de octubre te invitamos a un evento con Medik8, marca pionera en cosm\u00e9tica cient\u00edfica con su reconocida filosof\u00eda CSA.\" \/>\n<meta property=\"og:url\" content=\"https:\/\/farmaziagabilondo.es\/eu\/una-tarde-de-dermofarmacia-con-medik8-cuidarse-tambien-es-disfrutar\/\" \/>\n<meta property=\"og:site_name\" content=\"Farmacia Gabilondo\" \/>\n<meta property=\"article:publisher\" content=\"https:\/\/www.facebook.com\/gabilondofarma\/?locale=es_ES\" \/>\n<meta property=\"article:published_time\" content=\"2025-10-23T09:55:12+00:00\" \/>\n<meta property=\"article:modified_time\" content=\"2025-11-17T11:46:25+00:00\" \/>\n<meta property=\"og:image\" content=\"https:\/\/farmaziagabilondo.es\/wp-content\/uploads\/2025\/10\/1761045526301-scaled.jpg\" \/>\n\t<meta property=\"og:image:width\" content=\"2560\" \/>\n\t<meta property=\"og:image:height\" content=\"1928\" \/>\n\t<meta property=\"og:image:type\" content=\"image\/jpeg\" \/>\n<meta name=\"author\" content=\"admin\" \/>\n<meta name=\"twitter:card\" content=\"summary_large_image\" \/>\n<meta name=\"twitter:label1\" content=\"Written by\" \/>\n\t<meta name=\"twitter:data1\" content=\"admin\" \/>\n\t<meta name=\"twitter:label2\" content=\"Est. reading time\" \/>\n\t<meta name=\"twitter:data2\" content=\"4 minutua\" \/>\n<script type=\"application\/ld+json\" class=\"yoast-schema-graph\">{\"@context\":\"https:\\\/\\\/schema.org\",\"@graph\":[{\"@type\":\"Article\",\"@id\":\"https:\\\/\\\/farmaziagabilondo.es\\\/una-tarde-de-dermofarmacia-con-medik8-cuidarse-tambien-es-disfrutar\\\/#article\",\"isPartOf\":{\"@id\":\"https:\\\/\\\/farmaziagabilondo.es\\\/una-tarde-de-dermofarmacia-con-medik8-cuidarse-tambien-es-disfrutar\\\/\"},\"author\":{\"name\":\"admin\",\"@id\":\"https:\\\/\\\/farmaziagabilondo.es\\\/#\\\/schema\\\/person\\\/98929ba027123e4158e3dbef16e55463\"},\"headline\":\"Una tarde de dermofarmacia con Medik8: cuidarse tambi\u00e9n es disfrutar\",\"datePublished\":\"2025-10-23T09:55:12+00:00\",\"dateModified\":\"2025-11-17T11:46:25+00:00\",\"mainEntityOfPage\":{\"@id\":\"https:\\\/\\\/farmaziagabilondo.es\\\/una-tarde-de-dermofarmacia-con-medik8-cuidarse-tambien-es-disfrutar\\\/\"},\"wordCount\":811,\"publisher\":{\"@id\":\"https:\\\/\\\/farmaziagabilondo.es\\\/#organization\"},\"image\":{\"@id\":\"https:\\\/\\\/farmaziagabilondo.es\\\/una-tarde-de-dermofarmacia-con-medik8-cuidarse-tambien-es-disfrutar\\\/#primaryimage\"},\"thumbnailUrl\":\"https:\\\/\\\/farmaziagabilondo.es\\\/wp-content\\\/uploads\\\/2025\\\/10\\\/1761045526301-scaled.jpg\",\"keywords\":[\"Alakrana\",\"Bermeo\",\"Dermofarmazia\",\"MEDIK8\"],\"articleSection\":[\"Uncategorized\"],\"inLanguage\":\"eu\"},{\"@type\":\"WebPage\",\"@id\":\"https:\\\/\\\/farmaziagabilondo.es\\\/una-tarde-de-dermofarmacia-con-medik8-cuidarse-tambien-es-disfrutar\\\/\",\"url\":\"https:\\\/\\\/farmaziagabilondo.es\\\/una-tarde-de-dermofarmacia-con-medik8-cuidarse-tambien-es-disfrutar\\\/\",\"name\":\"Dermofarmacial\",\"isPartOf\":{\"@id\":\"https:\\\/\\\/farmaziagabilondo.es\\\/#website\"},\"primaryImageOfPage\":{\"@id\":\"https:\\\/\\\/farmaziagabilondo.es\\\/una-tarde-de-dermofarmacia-con-medik8-cuidarse-tambien-es-disfrutar\\\/#primaryimage\"},\"image\":{\"@id\":\"https:\\\/\\\/farmaziagabilondo.es\\\/una-tarde-de-dermofarmacia-con-medik8-cuidarse-tambien-es-disfrutar\\\/#primaryimage\"},\"thumbnailUrl\":\"https:\\\/\\\/farmaziagabilondo.es\\\/wp-content\\\/uploads\\\/2025\\\/10\\\/1761045526301-scaled.jpg\",\"datePublished\":\"2025-10-23T09:55:12+00:00\",\"dateModified\":\"2025-11-17T11:46:25+00:00\",\"description\":\"Este 23 de octubre te invitamos a un evento con Medik8, marca pionera en cosm\u00e9tica cient\u00edfica con su reconocida filosof\u00eda CSA.\",\"breadcrumb\":{\"@id\":\"https:\\\/\\\/farmaziagabilondo.es\\\/una-tarde-de-dermofarmacia-con-medik8-cuidarse-tambien-es-disfrutar\\\/#breadcrumb\"},\"inLanguage\":\"eu\",\"potentialAction\":[{\"@type\":\"ReadAction\",\"target\":[\"https:\\\/\\\/farmaziagabilondo.es\\\/una-tarde-de-dermofarmacia-con-medik8-cuidarse-tambien-es-disfrutar\\\/\"]}]},{\"@type\":\"ImageObject\",\"inLanguage\":\"eu\",\"@id\":\"https:\\\/\\\/farmaziagabilondo.es\\\/una-tarde-de-dermofarmacia-con-medik8-cuidarse-tambien-es-disfrutar\\\/#primaryimage\",\"url\":\"https:\\\/\\\/farmaziagabilondo.es\\\/wp-content\\\/uploads\\\/2025\\\/10\\\/1761045526301-scaled.jpg\",\"contentUrl\":\"https:\\\/\\\/farmaziagabilondo.es\\\/wp-content\\\/uploads\\\/2025\\\/10\\\/1761045526301-scaled.jpg\",\"width\":2560,\"height\":1928,\"caption\":\"Uno de los eventos m\u00e1s esperados de Dermofarmacia\"},{\"@type\":\"BreadcrumbList\",\"@id\":\"https:\\\/\\\/farmaziagabilondo.es\\\/una-tarde-de-dermofarmacia-con-medik8-cuidarse-tambien-es-disfrutar\\\/#breadcrumb\",\"itemListElement\":[{\"@type\":\"ListItem\",\"position\":1,\"name\":\"Portada\",\"item\":\"https:\\\/\\\/farmaziagabilondo.es\\\/\"},{\"@type\":\"ListItem\",\"position\":2,\"name\":\"Una tarde de dermofarmacia con Medik8: cuidarse tambi\u00e9n es disfrutar\"}]},{\"@type\":\"WebSite\",\"@id\":\"https:\\\/\\\/farmaziagabilondo.es\\\/#website\",\"url\":\"https:\\\/\\\/farmaziagabilondo.es\\\/\",\"name\":\"Farmacia Gabilondo\",\"description\":\"Somos una farmacia de servicios\",\"publisher\":{\"@id\":\"https:\\\/\\\/farmaziagabilondo.es\\\/#organization\"},\"alternateName\":\"Farmazia Gabilondo\",\"potentialAction\":[{\"@type\":\"SearchAction\",\"target\":{\"@type\":\"EntryPoint\",\"urlTemplate\":\"https:\\\/\\\/farmaziagabilondo.es\\\/?s={search_term_string}\"},\"query-input\":{\"@type\":\"PropertyValueSpecification\",\"valueRequired\":true,\"valueName\":\"search_term_string\"}}],\"inLanguage\":\"eu\"},{\"@type\":\"Organization\",\"@id\":\"https:\\\/\\\/farmaziagabilondo.es\\\/#organization\",\"name\":\"Farmacia Gabilondo\",\"alternateName\":\"Farmazia Gabilondo\",\"url\":\"https:\\\/\\\/farmaziagabilondo.es\\\/\",\"logo\":{\"@type\":\"ImageObject\",\"inLanguage\":\"eu\",\"@id\":\"https:\\\/\\\/farmaziagabilondo.es\\\/#\\\/schema\\\/logo\\\/image\\\/\",\"url\":\"https:\\\/\\\/farmaziagabilondo.es\\\/wp-content\\\/uploads\\\/2025\\\/05\\\/cropped-WhatsApp-Image-2025-05-05-at-17.33.13.jpeg\",\"contentUrl\":\"https:\\\/\\\/farmaziagabilondo.es\\\/wp-content\\\/uploads\\\/2025\\\/05\\\/cropped-WhatsApp-Image-2025-05-05-at-17.33.13.jpeg\",\"width\":974,\"height\":443,\"caption\":\"Farmacia Gabilondo\"},\"image\":{\"@id\":\"https:\\\/\\\/farmaziagabilondo.es\\\/#\\\/schema\\\/logo\\\/image\\\/\"},\"sameAs\":[\"https:\\\/\\\/www.facebook.com\\\/gabilondofarma\\\/?locale=es_ES\"]},{\"@type\":\"Person\",\"@id\":\"https:\\\/\\\/farmaziagabilondo.es\\\/#\\\/schema\\\/person\\\/98929ba027123e4158e3dbef16e55463\",\"name\":\"admin\",\"image\":{\"@type\":\"ImageObject\",\"inLanguage\":\"eu\",\"@id\":\"https:\\\/\\\/secure.gravatar.com\\\/avatar\\\/524df008767a9ec49862e969a5b0f8b6a00b45512120a49482cffd62408dfe0e?s=96&d=mm&r=g\",\"url\":\"https:\\\/\\\/secure.gravatar.com\\\/avatar\\\/524df008767a9ec49862e969a5b0f8b6a00b45512120a49482cffd62408dfe0e?s=96&d=mm&r=g\",\"contentUrl\":\"https:\\\/\\\/secure.gravatar.com\\\/avatar\\\/524df008767a9ec49862e969a5b0f8b6a00b45512120a49482cffd62408dfe0e?s=96&d=mm&r=g\",\"caption\":\"admin\"},\"sameAs\":[\"https:\\\/\\\/farmaziagabilondo.es\"],\"url\":\"https:\\\/\\\/farmaziagabilondo.es\\\/eu\\\/author\\\/farmaciagabilondo\\\/\"}]}<\/script>\n<!-- \/ Yoast SEO plugin. -->","yoast_head_json":{"title":"Dermofarmacial","description":"Este 23 de octubre te invitamos a un evento con Medik8, marca pionera en cosm\u00e9tica cient\u00edfica con su reconocida filosof\u00eda CSA.","robots":{"index":"index","follow":"follow","max-snippet":"max-snippet:-1","max-image-preview":"max-image-preview:large","max-video-preview":"max-video-preview:-1"},"canonical":"https:\/\/farmaziagabilondo.es\/eu\/una-tarde-de-dermofarmacia-con-medik8-cuidarse-tambien-es-disfrutar\/","og_locale":"en_US","og_type":"article","og_title":"Dermofarmacial","og_description":"Este 23 de octubre te invitamos a un evento con Medik8, marca pionera en cosm\u00e9tica cient\u00edfica con su reconocida filosof\u00eda CSA.","og_url":"https:\/\/farmaziagabilondo.es\/eu\/una-tarde-de-dermofarmacia-con-medik8-cuidarse-tambien-es-disfrutar\/","og_site_name":"Farmacia Gabilondo","article_publisher":"https:\/\/www.facebook.com\/gabilondofarma\/?locale=es_ES","article_published_time":"2025-10-23T09:55:12+00:00","article_modified_time":"2025-11-17T11:46:25+00:00","og_image":[{"width":2560,"height":1928,"url":"https:\/\/farmaziagabilondo.es\/wp-content\/uploads\/2025\/10\/1761045526301-scaled.jpg","type":"image\/jpeg"}],"author":"admin","twitter_card":"summary_large_image","twitter_misc":{"Written by":"admin","Est. reading time":"4 minutua"},"schema":{"@context":"https:\/\/schema.org","@graph":[{"@type":"Article","@id":"https:\/\/farmaziagabilondo.es\/una-tarde-de-dermofarmacia-con-medik8-cuidarse-tambien-es-disfrutar\/#article","isPartOf":{"@id":"https:\/\/farmaziagabilondo.es\/una-tarde-de-dermofarmacia-con-medik8-cuidarse-tambien-es-disfrutar\/"},"author":{"name":"admin","@id":"https:\/\/farmaziagabilondo.es\/#\/schema\/person\/98929ba027123e4158e3dbef16e55463"},"headline":"Una tarde de dermofarmacia con Medik8: cuidarse tambi\u00e9n es disfrutar","datePublished":"2025-10-23T09:55:12+00:00","dateModified":"2025-11-17T11:46:25+00:00","mainEntityOfPage":{"@id":"https:\/\/farmaziagabilondo.es\/una-tarde-de-dermofarmacia-con-medik8-cuidarse-tambien-es-disfrutar\/"},"wordCount":811,"publisher":{"@id":"https:\/\/farmaziagabilondo.es\/#organization"},"image":{"@id":"https:\/\/farmaziagabilondo.es\/una-tarde-de-dermofarmacia-con-medik8-cuidarse-tambien-es-disfrutar\/#primaryimage"},"thumbnailUrl":"https:\/\/farmaziagabilondo.es\/wp-content\/uploads\/2025\/10\/1761045526301-scaled.jpg","keywords":["Alakrana","Bermeo","Dermofarmazia","MEDIK8"],"articleSection":["Uncategorized"],"inLanguage":"eu"},{"@type":"WebPage","@id":"https:\/\/farmaziagabilondo.es\/una-tarde-de-dermofarmacia-con-medik8-cuidarse-tambien-es-disfrutar\/","url":"https:\/\/farmaziagabilondo.es\/una-tarde-de-dermofarmacia-con-medik8-cuidarse-tambien-es-disfrutar\/","name":"Dermofarmacial","isPartOf":{"@id":"https:\/\/farmaziagabilondo.es\/#website"},"primaryImageOfPage":{"@id":"https:\/\/farmaziagabilondo.es\/una-tarde-de-dermofarmacia-con-medik8-cuidarse-tambien-es-disfrutar\/#primaryimage"},"image":{"@id":"https:\/\/farmaziagabilondo.es\/una-tarde-de-dermofarmacia-con-medik8-cuidarse-tambien-es-disfrutar\/#primaryimage"},"thumbnailUrl":"https:\/\/farmaziagabilondo.es\/wp-content\/uploads\/2025\/10\/1761045526301-scaled.jpg","datePublished":"2025-10-23T09:55:12+00:00","dateModified":"2025-11-17T11:46:25+00:00","description":"Este 23 de octubre te invitamos a un evento con Medik8, marca pionera en cosm\u00e9tica cient\u00edfica con su reconocida filosof\u00eda CSA.","breadcrumb":{"@id":"https:\/\/farmaziagabilondo.es\/una-tarde-de-dermofarmacia-con-medik8-cuidarse-tambien-es-disfrutar\/#breadcrumb"},"inLanguage":"eu","potentialAction":[{"@type":"ReadAction","target":["https:\/\/farmaziagabilondo.es\/una-tarde-de-dermofarmacia-con-medik8-cuidarse-tambien-es-disfrutar\/"]}]},{"@type":"ImageObject","inLanguage":"eu","@id":"https:\/\/farmaziagabilondo.es\/una-tarde-de-dermofarmacia-con-medik8-cuidarse-tambien-es-disfrutar\/#primaryimage","url":"https:\/\/farmaziagabilondo.es\/wp-content\/uploads\/2025\/10\/1761045526301-scaled.jpg","contentUrl":"https:\/\/farmaziagabilondo.es\/wp-content\/uploads\/2025\/10\/1761045526301-scaled.jpg","width":2560,"height":1928,"caption":"Uno de los eventos m\u00e1s esperados de Dermofarmacia"},{"@type":"BreadcrumbList","@id":"https:\/\/farmaziagabilondo.es\/una-tarde-de-dermofarmacia-con-medik8-cuidarse-tambien-es-disfrutar\/#breadcrumb","itemListElement":[{"@type":"ListItem","position":1,"name":"Portada","item":"https:\/\/farmaziagabilondo.es\/"},{"@type":"ListItem","position":2,"name":"Una tarde de dermofarmacia con Medik8: cuidarse tambi\u00e9n es disfrutar"}]},{"@type":"WebSite","@id":"https:\/\/farmaziagabilondo.es\/#website","url":"https:\/\/farmaziagabilondo.es\/","name":"Farmacia Gabilondo","description":"Somos una farmacia de servicios","publisher":{"@id":"https:\/\/farmaziagabilondo.es\/#organization"},"alternateName":"Farmazia Gabilondo","potentialAction":[{"@type":"SearchAction","target":{"@type":"EntryPoint","urlTemplate":"https:\/\/farmaziagabilondo.es\/?s={search_term_string}"},"query-input":{"@type":"PropertyValueSpecification","valueRequired":true,"valueName":"search_term_string"}}],"inLanguage":"eu"},{"@type":"Organization","@id":"https:\/\/farmaziagabilondo.es\/#organization","name":"Farmacia Gabilondo","alternateName":"Farmazia Gabilondo","url":"https:\/\/farmaziagabilondo.es\/","logo":{"@type":"ImageObject","inLanguage":"eu","@id":"https:\/\/farmaziagabilondo.es\/#\/schema\/logo\/image\/","url":"https:\/\/farmaziagabilondo.es\/wp-content\/uploads\/2025\/05\/cropped-WhatsApp-Image-2025-05-05-at-17.33.13.jpeg","contentUrl":"https:\/\/farmaziagabilondo.es\/wp-content\/uploads\/2025\/05\/cropped-WhatsApp-Image-2025-05-05-at-17.33.13.jpeg","width":974,"height":443,"caption":"Farmacia Gabilondo"},"image":{"@id":"https:\/\/farmaziagabilondo.es\/#\/schema\/logo\/image\/"},"sameAs":["https:\/\/www.facebook.com\/gabilondofarma\/?locale=es_ES"]},{"@type":"Person","@id":"https:\/\/farmaziagabilondo.es\/#\/schema\/person\/98929ba027123e4158e3dbef16e55463","name":"admin","image":{"@type":"ImageObject","inLanguage":"eu","@id":"https:\/\/secure.gravatar.com\/avatar\/524df008767a9ec49862e969a5b0f8b6a00b45512120a49482cffd62408dfe0e?s=96&d=mm&r=g","url":"https:\/\/secure.gravatar.com\/avatar\/524df008767a9ec49862e969a5b0f8b6a00b45512120a49482cffd62408dfe0e?s=96&d=mm&r=g","contentUrl":"https:\/\/secure.gravatar.com\/avatar\/524df008767a9ec49862e969a5b0f8b6a00b45512120a49482cffd62408dfe0e?s=96&d=mm&r=g","caption":"admin"},"sameAs":["https:\/\/farmaziagabilondo.es"],"url":"https:\/\/farmaziagabilondo.es\/eu\/author\/farmaciagabilondo\/"}]}},"jetpack_featured_media_url":"https:\/\/farmaziagabilondo.es\/wp-content\/uploads\/2025\/10\/1761045526301-scaled.jpg","_links":{"self":[{"href":"https:\/\/farmaziagabilondo.es\/eu\/wp-json\/wp\/v2\/posts\/1024","targetHints":{"allow":["GET"]}}],"collection":[{"href":"https:\/\/farmaziagabilondo.es\/eu\/wp-json\/wp\/v2\/posts"}],"about":[{"href":"https:\/\/farmaziagabilondo.es\/eu\/wp-json\/wp\/v2\/types\/post"}],"author":[{"embeddable":true,"href":"https:\/\/farmaziagabilondo.es\/eu\/wp-json\/wp\/v2\/users\/1"}],"replies":[{"embeddable":true,"href":"https:\/\/farmaziagabilondo.es\/eu\/wp-json\/wp\/v2\/comments?post=1024"}],"version-history":[{"count":11,"href":"https:\/\/farmaziagabilondo.es\/eu\/wp-json\/wp\/v2\/posts\/1024\/revisions"}],"predecessor-version":[{"id":1043,"href":"https:\/\/farmaziagabilondo.es\/eu\/wp-json\/wp\/v2\/posts\/1024\/revisions\/1043"}],"wp:featuredmedia":[{"embeddable":true,"href":"https:\/\/farmaziagabilondo.es\/eu\/wp-json\/wp\/v2\/media\/1026"}],"wp:attachment":[{"href":"https:\/\/farmaziagabilondo.es\/eu\/wp-json\/wp\/v2\/media?parent=1024"}],"wp:term":[{"taxonomy":"category","embeddable":true,"href":"https:\/\/farmaziagabilondo.es\/eu\/wp-json\/wp\/v2\/categories?post=1024"},{"taxonomy":"post_tag","embeddable":true,"href":"https:\/\/farmaziagabilondo.es\/eu\/wp-json\/wp\/v2\/tags?post=1024"}],"curies":[{"name":"wp","href":"https:\/\/api.w.org\/{rel}","templated":true}]}}