{"id":1086,"date":"2026-03-10T17:23:51","date_gmt":"2026-03-10T17:23:51","guid":{"rendered":"https:\/\/farmaziagabilondo.es\/?p=1086"},"modified":"2026-03-10T17:41:00","modified_gmt":"2026-03-10T17:41:00","slug":"jornadas-sefac2026-actualizando-conocimientos","status":"publish","type":"post","link":"https:\/\/farmaziagabilondo.es\/eu\/jornadas-sefac2026-actualizando-conocimientos\/","title":{"rendered":"JORNADAS SEFAC2026 ACTUALIZANDO CONOCIMIENTOS"},"content":{"rendered":"<div data-elementor-type=\"wp-post\" data-elementor-id=\"1086\" class=\"elementor elementor-1086\" data-elementor-post-type=\"post\">\n\t\t\t\t<div class=\"elementor-element elementor-element-c35eaf5 e-con-full e-flex e-con e-parent\" data-id=\"c35eaf5\" data-element_type=\"container\" data-e-type=\"container\">\n\t\t\t\t<div class=\"elementor-element elementor-element-e13e473 elementor-widget elementor-widget-image\" data-id=\"e13e473\" data-element_type=\"widget\" data-e-type=\"widget\" data-widget_type=\"image.default\">\n\t\t\t\t<div class=\"elementor-widget-container\">\n\t\t\t\t\t\t\t\t\t\t\t\t\t\t\t<img fetchpriority=\"high\" decoding=\"async\" width=\"1928\" height=\"2560\" src=\"https:\/\/farmaziagabilondo.es\/wp-content\/uploads\/2026\/03\/sefac2026-scaled.jpg\" class=\"attachment-full size-full wp-image-1088\" alt=\"JORNADAS SEFAC2026 BILBAO\" srcset=\"https:\/\/farmaziagabilondo.es\/wp-content\/uploads\/2026\/03\/sefac2026-scaled.jpg 1928w, https:\/\/farmaziagabilondo.es\/wp-content\/uploads\/2026\/03\/sefac2026-226x300.jpg 226w, https:\/\/farmaziagabilondo.es\/wp-content\/uploads\/2026\/03\/sefac2026-771x1024.jpg 771w, https:\/\/farmaziagabilondo.es\/wp-content\/uploads\/2026\/03\/sefac2026-768x1020.jpg 768w, https:\/\/farmaziagabilondo.es\/wp-content\/uploads\/2026\/03\/sefac2026-1157x1536.jpg 1157w, https:\/\/farmaziagabilondo.es\/wp-content\/uploads\/2026\/03\/sefac2026-1542x2048.jpg 1542w, https:\/\/farmaziagabilondo.es\/wp-content\/uploads\/2026\/03\/sefac2026-9x12.jpg 9w\" sizes=\"(max-width: 1928px) 100vw, 1928px\" \/>\t\t\t\t\t\t\t\t\t\t\t\t\t\t\t<\/div>\n\t\t\t\t<\/div>\n\t\t\t\t<\/div>\n\t\t<div class=\"elementor-element elementor-element-7c0499b6 e-flex e-con-boxed e-con e-parent\" data-id=\"7c0499b6\" data-element_type=\"container\" data-e-type=\"container\">\n\t\t\t\t\t<div class=\"e-con-inner\">\n\t\t\t\t<div class=\"elementor-element elementor-element-e5cb8fb elementor-widget elementor-widget-heading\" data-id=\"e5cb8fb\" data-element_type=\"widget\" data-e-type=\"widget\" data-widget_type=\"heading.default\">\n\t\t\t\t<div class=\"elementor-widget-container\">\n\t\t\t\t\t<h2 class=\"elementor-heading-title elementor-size-default\">JORNADAS SEFAC 2026. ACTUALIZANDO CONOCIMIENTOS Y HABILIDADES<\/h2>\t\t\t\t<\/div>\n\t\t\t\t<\/div>\n\t\t\t\t<div class=\"elementor-element elementor-element-732161d9 elementor-widget elementor-widget-text-editor\" data-id=\"732161d9\" data-element_type=\"widget\" data-e-type=\"widget\" data-widget_type=\"text-editor.default\">\n\t\t\t\t<div class=\"elementor-widget-container\">\n\t\t\t\t\t\t\t\t\t<p dir=\"ltr\" style=\"line-height: 1.38; margin-top: 0pt; margin-bottom: 0pt;\"><span style=\"font-size: 11pt; font-family: Arial,sans-serif; color: #000000; background-color: transparent; font-weight: 400; font-style: normal; font-variant: normal; text-decoration: none; vertical-align: baseline; white-space: pre-wrap;\">Estuvimos Leire y yo para actualizar los conocimientos y habilidades en farmacia. Adem\u00e1s presenciamos el debate sobre el mapa de competencias en la farmacia comunitaria\u00a0<\/span><\/p><p data-start=\"403\" data-end=\"649\"><b id=\"docs-internal-guid-3e923a6f-7fff-8aaf-168d-90477eb00540\" style=\"font-weight: normal;\">\u00a0<\/b><\/p><p dir=\"ltr\" style=\"line-height: 1.38; text-align: justify; background-color: #ffffff; margin-top: 0pt; margin-bottom: 0pt; padding: 0pt 0pt 9pt 0pt;\"><span style=\"font-size: 11pt; font-family: Cambria,serif; color: #000000; background-color: transparent; font-weight: bold; font-style: normal; font-variant: normal; text-decoration: none; vertical-align: baseline; white-space: pre-wrap;\">El programa cient\u00edfico de la Jornada fue sobre sesiones en materias como <\/span><span style=\"font-size: 11pt; font-family: Cambria, serif; color: #000000; background-color: transparent; font-weight: bold; font-style: normal; font-variant: normal; vertical-align: baseline; white-space: pre-wrap;\"><u>la monitorizaci\u00f3n continua de la glucosa, <\/u><\/span><span style=\"font-size: 11pt; font-family: Cambria, serif; color: #000000; background-color: transparent; font-weight: bold; font-style: normal; font-variant: normal; vertical-align: baseline; white-space: pre-wrap;\"><u>el abordaje de la obesidad,<\/u><\/span> <span style=\"font-size: 11pt; font-family: Cambria, serif; color: #000000; background-color: transparent; font-weight: bold; font-style: normal; font-variant: normal; vertical-align: baseline; white-space: pre-wrap;\"><u>el virus respiratorio sincitial<\/u><\/span><span style=\"font-size: 11pt; font-family: Cambria,serif; color: #000000; background-color: transparent; font-weight: bold; font-style: normal; font-variant: normal; text-decoration: none; vertical-align: baseline; white-space: pre-wrap;\">, <\/span><span style=\"font-size: 11pt; font-family: Cambria, serif; color: #000000; background-color: transparent; font-weight: bold; font-style: normal; font-variant: normal; vertical-align: baseline; white-space: pre-wrap;\"><u>la indicaci\u00f3n farmac\u00e9utica<\/u><\/span><span style=\"font-size: 11pt; font-family: Cambria,serif; color: #000000; background-color: transparent; font-weight: bold; font-style: normal; font-variant: normal; text-decoration: none; vertical-align: baseline; white-space: pre-wrap;\">, el impulso de la <\/span><span style=\"font-size: 11pt; font-family: Cambria, serif; color: #000000; background-color: transparent; font-weight: bold; font-style: normal; font-variant: normal; vertical-align: baseline; white-space: pre-wrap;\"><u>investigaci\u00f3n en farmacia comunitaria <\/u><\/span><span style=\"font-size: 11pt; font-family: Cambria,serif; color: #000000; background-color: transparent; font-weight: bold; font-style: normal; font-variant: normal; text-decoration: none; vertical-align: baseline; white-space: pre-wrap;\">mediante algoritmos de inteligencia artificial o la resistencia a los antibi\u00f3ticos.<\/span><\/p><p data-start=\"403\" data-end=\"649\">\u00a0<\/p><p dir=\"ltr\" style=\"line-height: 1.38; text-align: justify; background-color: #ffffff; margin-top: 0pt; margin-bottom: 8pt;\"><span style=\"font-size: 11pt; font-family: Cambria,serif; color: #000000; background-color: transparent; font-weight: bold; font-style: normal; font-variant: normal; text-decoration: none; vertical-align: baseline; white-space: pre-wrap;\">Las Jornadas incluyeron un debate sobre la propuesta del mapa de competencias profesionales del farmac\u00e9utico comunitario elaborada por SEFAC.<\/span><\/p><div><span style=\"font-size: 11pt; font-family: Cambria,serif; color: #000000; background-color: transparent; font-weight: bold; font-style: normal; font-variant: normal; text-decoration: none; vertical-align: baseline; white-space: pre-wrap;\">\u00a0<\/span><\/div>\t\t\t\t\t\t\t\t<\/div>\n\t\t\t\t<\/div>\n\t\t\t\t\t<\/div>\n\t\t\t\t<\/div>\n\t\t\t\t<\/div>","protected":false},"excerpt":{"rendered":"<p>JORNADAS SEFAC 2026. ACTUALIZANDO CONOCIMIENTOS Y HABILIDADES Estuvimos Leire y yo para actualizar los conocimientos y habilidades en farmacia. Adem\u00e1s presenciamos el debate sobre el mapa de competencias en la farmacia comunitaria\u00a0 \u00a0 El programa cient\u00edfico de la Jornada fue sobre sesiones en materias como la monitorizaci\u00f3n continua de la glucosa, el abordaje de la [&hellip;]<\/p>\n","protected":false},"author":1,"featured_media":1088,"comment_status":"closed","ping_status":"closed","sticky":false,"template":"elementor_canvas","format":"standard","meta":{"footnotes":""},"categories":[1],"tags":[26,25],"class_list":["post-1086","post","type-post","status-publish","format-standard","has-post-thumbnail","hentry","category-uncategorized","tag-farmacia-comunitaria","tag-jornadas"],"yoast_head":"<!-- This site is optimized with the Yoast SEO plugin v27.5 - https:\/\/yoast.com\/product\/yoast-seo-wordpress\/ -->\n<title>LUXMETIQUE PROAGE DAY: piel m\u00e1s luminosa en 14 d\u00edas<\/title>\n<meta name=\"description\" content=\"Las n\u00e1useas y v\u00f3mitos del embarazo afectan a un gran n\u00famero de mujeres, especialmente durante el primer trimestre.\" \/>\n<meta name=\"robots\" content=\"index, follow, max-snippet:-1, max-image-preview:large, max-video-preview:-1\" \/>\n<link rel=\"canonical\" href=\"https:\/\/farmaziagabilondo.es\/eu\/jornadas-sefac2026-actualizando-conocimientos\/\" \/>\n<meta property=\"og:locale\" content=\"en_US\" \/>\n<meta property=\"og:type\" content=\"article\" \/>\n<meta property=\"og:title\" content=\"LUXMETIQUE PROAGE DAY: piel m\u00e1s luminosa en 14 d\u00edas\" \/>\n<meta property=\"og:description\" content=\"Las n\u00e1useas y v\u00f3mitos del embarazo afectan a un gran n\u00famero de mujeres, especialmente durante el primer trimestre.\" \/>\n<meta property=\"og:url\" content=\"https:\/\/farmaziagabilondo.es\/eu\/jornadas-sefac2026-actualizando-conocimientos\/\" \/>\n<meta property=\"og:site_name\" content=\"Farmacia Gabilondo\" \/>\n<meta property=\"article:publisher\" content=\"https:\/\/www.facebook.com\/gabilondofarma\/?locale=es_ES\" \/>\n<meta property=\"article:published_time\" content=\"2026-03-10T17:23:51+00:00\" \/>\n<meta property=\"article:modified_time\" content=\"2026-03-10T17:41:00+00:00\" \/>\n<meta property=\"og:image\" content=\"https:\/\/farmaziagabilondo.es\/wp-content\/uploads\/2025\/12\/PROAGE_DAY_1.webp\" \/>\n\t<meta property=\"og:image:width\" content=\"1440\" \/>\n\t<meta property=\"og:image:height\" content=\"1440\" \/>\n\t<meta property=\"og:image:type\" content=\"image\/webp\" \/>\n<meta name=\"author\" content=\"admin\" \/>\n<meta name=\"twitter:card\" content=\"summary_large_image\" \/>\n<meta name=\"twitter:label1\" content=\"Written by\" \/>\n\t<meta name=\"twitter:data1\" content=\"admin\" \/>\n\t<meta name=\"twitter:label2\" content=\"Est. reading time\" \/>\n\t<meta name=\"twitter:data2\" content=\"1 minutua\" \/>\n<script type=\"application\/ld+json\" class=\"yoast-schema-graph\">{\"@context\":\"https:\\\/\\\/schema.org\",\"@graph\":[{\"@type\":\"Article\",\"@id\":\"https:\\\/\\\/farmaziagabilondo.es\\\/jornadas-sefac2026-actualizando-conocimientos\\\/#article\",\"isPartOf\":{\"@id\":\"https:\\\/\\\/farmaziagabilondo.es\\\/jornadas-sefac2026-actualizando-conocimientos\\\/\"},\"author\":{\"name\":\"admin\",\"@id\":\"https:\\\/\\\/farmaziagabilondo.es\\\/#\\\/schema\\\/person\\\/98929ba027123e4158e3dbef16e55463\"},\"headline\":\"JORNADAS SEFAC2026 ACTUALIZANDO CONOCIMIENTOS\",\"datePublished\":\"2026-03-10T17:23:51+00:00\",\"dateModified\":\"2026-03-10T17:41:00+00:00\",\"mainEntityOfPage\":{\"@id\":\"https:\\\/\\\/farmaziagabilondo.es\\\/jornadas-sefac2026-actualizando-conocimientos\\\/\"},\"wordCount\":111,\"publisher\":{\"@id\":\"https:\\\/\\\/farmaziagabilondo.es\\\/#organization\"},\"image\":{\"@id\":\"https:\\\/\\\/farmaziagabilondo.es\\\/jornadas-sefac2026-actualizando-conocimientos\\\/#primaryimage\"},\"thumbnailUrl\":\"https:\\\/\\\/farmaziagabilondo.es\\\/wp-content\\\/uploads\\\/2026\\\/03\\\/sefac2026-scaled.jpg\",\"keywords\":[\"farmacia comunitaria\",\"jornadas\"],\"articleSection\":[\"Uncategorized\"],\"inLanguage\":\"eu\"},{\"@type\":\"WebPage\",\"@id\":\"https:\\\/\\\/farmaziagabilondo.es\\\/jornadas-sefac2026-actualizando-conocimientos\\\/\",\"url\":\"https:\\\/\\\/farmaziagabilondo.es\\\/jornadas-sefac2026-actualizando-conocimientos\\\/\",\"name\":\"LUXMETIQUE PROAGE DAY: piel m\u00e1s luminosa en 14 d\u00edas\",\"isPartOf\":{\"@id\":\"https:\\\/\\\/farmaziagabilondo.es\\\/#website\"},\"primaryImageOfPage\":{\"@id\":\"https:\\\/\\\/farmaziagabilondo.es\\\/jornadas-sefac2026-actualizando-conocimientos\\\/#primaryimage\"},\"image\":{\"@id\":\"https:\\\/\\\/farmaziagabilondo.es\\\/jornadas-sefac2026-actualizando-conocimientos\\\/#primaryimage\"},\"thumbnailUrl\":\"https:\\\/\\\/farmaziagabilondo.es\\\/wp-content\\\/uploads\\\/2026\\\/03\\\/sefac2026-scaled.jpg\",\"datePublished\":\"2026-03-10T17:23:51+00:00\",\"dateModified\":\"2026-03-10T17:41:00+00:00\",\"description\":\"Las n\u00e1useas y v\u00f3mitos del embarazo afectan a un gran n\u00famero de mujeres, especialmente durante el primer trimestre.\",\"breadcrumb\":{\"@id\":\"https:\\\/\\\/farmaziagabilondo.es\\\/jornadas-sefac2026-actualizando-conocimientos\\\/#breadcrumb\"},\"inLanguage\":\"eu\",\"potentialAction\":[{\"@type\":\"ReadAction\",\"target\":[\"https:\\\/\\\/farmaziagabilondo.es\\\/jornadas-sefac2026-actualizando-conocimientos\\\/\"]}]},{\"@type\":\"ImageObject\",\"inLanguage\":\"eu\",\"@id\":\"https:\\\/\\\/farmaziagabilondo.es\\\/jornadas-sefac2026-actualizando-conocimientos\\\/#primaryimage\",\"url\":\"https:\\\/\\\/farmaziagabilondo.es\\\/wp-content\\\/uploads\\\/2026\\\/03\\\/sefac2026-scaled.jpg\",\"contentUrl\":\"https:\\\/\\\/farmaziagabilondo.es\\\/wp-content\\\/uploads\\\/2026\\\/03\\\/sefac2026-scaled.jpg\",\"width\":1928,\"height\":2560,\"caption\":\"JORNADAS SEFAC2026 BILBAO\"},{\"@type\":\"BreadcrumbList\",\"@id\":\"https:\\\/\\\/farmaziagabilondo.es\\\/jornadas-sefac2026-actualizando-conocimientos\\\/#breadcrumb\",\"itemListElement\":[{\"@type\":\"ListItem\",\"position\":1,\"name\":\"Portada\",\"item\":\"https:\\\/\\\/farmaziagabilondo.es\\\/\"},{\"@type\":\"ListItem\",\"position\":2,\"name\":\"JORNADAS SEFAC2026 ACTUALIZANDO CONOCIMIENTOS\"}]},{\"@type\":\"WebSite\",\"@id\":\"https:\\\/\\\/farmaziagabilondo.es\\\/#website\",\"url\":\"https:\\\/\\\/farmaziagabilondo.es\\\/\",\"name\":\"Farmacia Gabilondo\",\"description\":\"Somos una farmacia de servicios\",\"publisher\":{\"@id\":\"https:\\\/\\\/farmaziagabilondo.es\\\/#organization\"},\"alternateName\":\"Farmazia Gabilondo\",\"potentialAction\":[{\"@type\":\"SearchAction\",\"target\":{\"@type\":\"EntryPoint\",\"urlTemplate\":\"https:\\\/\\\/farmaziagabilondo.es\\\/?s={search_term_string}\"},\"query-input\":{\"@type\":\"PropertyValueSpecification\",\"valueRequired\":true,\"valueName\":\"search_term_string\"}}],\"inLanguage\":\"eu\"},{\"@type\":\"Organization\",\"@id\":\"https:\\\/\\\/farmaziagabilondo.es\\\/#organization\",\"name\":\"Farmacia Gabilondo\",\"alternateName\":\"Farmazia Gabilondo\",\"url\":\"https:\\\/\\\/farmaziagabilondo.es\\\/\",\"logo\":{\"@type\":\"ImageObject\",\"inLanguage\":\"eu\",\"@id\":\"https:\\\/\\\/farmaziagabilondo.es\\\/#\\\/schema\\\/logo\\\/image\\\/\",\"url\":\"https:\\\/\\\/farmaziagabilondo.es\\\/wp-content\\\/uploads\\\/2025\\\/05\\\/cropped-WhatsApp-Image-2025-05-05-at-17.33.13.jpeg\",\"contentUrl\":\"https:\\\/\\\/farmaziagabilondo.es\\\/wp-content\\\/uploads\\\/2025\\\/05\\\/cropped-WhatsApp-Image-2025-05-05-at-17.33.13.jpeg\",\"width\":974,\"height\":443,\"caption\":\"Farmacia Gabilondo\"},\"image\":{\"@id\":\"https:\\\/\\\/farmaziagabilondo.es\\\/#\\\/schema\\\/logo\\\/image\\\/\"},\"sameAs\":[\"https:\\\/\\\/www.facebook.com\\\/gabilondofarma\\\/?locale=es_ES\"]},{\"@type\":\"Person\",\"@id\":\"https:\\\/\\\/farmaziagabilondo.es\\\/#\\\/schema\\\/person\\\/98929ba027123e4158e3dbef16e55463\",\"name\":\"admin\",\"image\":{\"@type\":\"ImageObject\",\"inLanguage\":\"eu\",\"@id\":\"https:\\\/\\\/secure.gravatar.com\\\/avatar\\\/524df008767a9ec49862e969a5b0f8b6a00b45512120a49482cffd62408dfe0e?s=96&d=mm&r=g\",\"url\":\"https:\\\/\\\/secure.gravatar.com\\\/avatar\\\/524df008767a9ec49862e969a5b0f8b6a00b45512120a49482cffd62408dfe0e?s=96&d=mm&r=g\",\"contentUrl\":\"https:\\\/\\\/secure.gravatar.com\\\/avatar\\\/524df008767a9ec49862e969a5b0f8b6a00b45512120a49482cffd62408dfe0e?s=96&d=mm&r=g\",\"caption\":\"admin\"},\"sameAs\":[\"https:\\\/\\\/farmaziagabilondo.es\"],\"url\":\"https:\\\/\\\/farmaziagabilondo.es\\\/eu\\\/author\\\/farmaciagabilondo\\\/\"}]}<\/script>\n<!-- \/ Yoast SEO plugin. -->","yoast_head_json":{"title":"LUXMETIQUE PROAGE DAY: piel m\u00e1s luminosa en 14 d\u00edas","description":"Las n\u00e1useas y v\u00f3mitos del embarazo afectan a un gran n\u00famero de mujeres, especialmente durante el primer trimestre.","robots":{"index":"index","follow":"follow","max-snippet":"max-snippet:-1","max-image-preview":"max-image-preview:large","max-video-preview":"max-video-preview:-1"},"canonical":"https:\/\/farmaziagabilondo.es\/eu\/jornadas-sefac2026-actualizando-conocimientos\/","og_locale":"en_US","og_type":"article","og_title":"LUXMETIQUE PROAGE DAY: piel m\u00e1s luminosa en 14 d\u00edas","og_description":"Las n\u00e1useas y v\u00f3mitos del embarazo afectan a un gran n\u00famero de mujeres, especialmente durante el primer trimestre.","og_url":"https:\/\/farmaziagabilondo.es\/eu\/jornadas-sefac2026-actualizando-conocimientos\/","og_site_name":"Farmacia Gabilondo","article_publisher":"https:\/\/www.facebook.com\/gabilondofarma\/?locale=es_ES","article_published_time":"2026-03-10T17:23:51+00:00","article_modified_time":"2026-03-10T17:41:00+00:00","og_image":[{"width":1440,"height":1440,"url":"https:\/\/farmaziagabilondo.es\/wp-content\/uploads\/2025\/12\/PROAGE_DAY_1.webp","type":"image\/webp"}],"author":"admin","twitter_card":"summary_large_image","twitter_misc":{"Written by":"admin","Est. reading time":"1 minutua"},"schema":{"@context":"https:\/\/schema.org","@graph":[{"@type":"Article","@id":"https:\/\/farmaziagabilondo.es\/jornadas-sefac2026-actualizando-conocimientos\/#article","isPartOf":{"@id":"https:\/\/farmaziagabilondo.es\/jornadas-sefac2026-actualizando-conocimientos\/"},"author":{"name":"admin","@id":"https:\/\/farmaziagabilondo.es\/#\/schema\/person\/98929ba027123e4158e3dbef16e55463"},"headline":"JORNADAS SEFAC2026 ACTUALIZANDO CONOCIMIENTOS","datePublished":"2026-03-10T17:23:51+00:00","dateModified":"2026-03-10T17:41:00+00:00","mainEntityOfPage":{"@id":"https:\/\/farmaziagabilondo.es\/jornadas-sefac2026-actualizando-conocimientos\/"},"wordCount":111,"publisher":{"@id":"https:\/\/farmaziagabilondo.es\/#organization"},"image":{"@id":"https:\/\/farmaziagabilondo.es\/jornadas-sefac2026-actualizando-conocimientos\/#primaryimage"},"thumbnailUrl":"https:\/\/farmaziagabilondo.es\/wp-content\/uploads\/2026\/03\/sefac2026-scaled.jpg","keywords":["farmacia comunitaria","jornadas"],"articleSection":["Uncategorized"],"inLanguage":"eu"},{"@type":"WebPage","@id":"https:\/\/farmaziagabilondo.es\/jornadas-sefac2026-actualizando-conocimientos\/","url":"https:\/\/farmaziagabilondo.es\/jornadas-sefac2026-actualizando-conocimientos\/","name":"LUXMETIQUE PROAGE DAY: piel m\u00e1s luminosa en 14 d\u00edas","isPartOf":{"@id":"https:\/\/farmaziagabilondo.es\/#website"},"primaryImageOfPage":{"@id":"https:\/\/farmaziagabilondo.es\/jornadas-sefac2026-actualizando-conocimientos\/#primaryimage"},"image":{"@id":"https:\/\/farmaziagabilondo.es\/jornadas-sefac2026-actualizando-conocimientos\/#primaryimage"},"thumbnailUrl":"https:\/\/farmaziagabilondo.es\/wp-content\/uploads\/2026\/03\/sefac2026-scaled.jpg","datePublished":"2026-03-10T17:23:51+00:00","dateModified":"2026-03-10T17:41:00+00:00","description":"Las n\u00e1useas y v\u00f3mitos del embarazo afectan a un gran n\u00famero de mujeres, especialmente durante el primer trimestre.","breadcrumb":{"@id":"https:\/\/farmaziagabilondo.es\/jornadas-sefac2026-actualizando-conocimientos\/#breadcrumb"},"inLanguage":"eu","potentialAction":[{"@type":"ReadAction","target":["https:\/\/farmaziagabilondo.es\/jornadas-sefac2026-actualizando-conocimientos\/"]}]},{"@type":"ImageObject","inLanguage":"eu","@id":"https:\/\/farmaziagabilondo.es\/jornadas-sefac2026-actualizando-conocimientos\/#primaryimage","url":"https:\/\/farmaziagabilondo.es\/wp-content\/uploads\/2026\/03\/sefac2026-scaled.jpg","contentUrl":"https:\/\/farmaziagabilondo.es\/wp-content\/uploads\/2026\/03\/sefac2026-scaled.jpg","width":1928,"height":2560,"caption":"JORNADAS SEFAC2026 BILBAO"},{"@type":"BreadcrumbList","@id":"https:\/\/farmaziagabilondo.es\/jornadas-sefac2026-actualizando-conocimientos\/#breadcrumb","itemListElement":[{"@type":"ListItem","position":1,"name":"Portada","item":"https:\/\/farmaziagabilondo.es\/"},{"@type":"ListItem","position":2,"name":"JORNADAS SEFAC2026 ACTUALIZANDO CONOCIMIENTOS"}]},{"@type":"WebSite","@id":"https:\/\/farmaziagabilondo.es\/#website","url":"https:\/\/farmaziagabilondo.es\/","name":"Farmacia Gabilondo","description":"Somos una farmacia de servicios","publisher":{"@id":"https:\/\/farmaziagabilondo.es\/#organization"},"alternateName":"Farmazia Gabilondo","potentialAction":[{"@type":"SearchAction","target":{"@type":"EntryPoint","urlTemplate":"https:\/\/farmaziagabilondo.es\/?s={search_term_string}"},"query-input":{"@type":"PropertyValueSpecification","valueRequired":true,"valueName":"search_term_string"}}],"inLanguage":"eu"},{"@type":"Organization","@id":"https:\/\/farmaziagabilondo.es\/#organization","name":"Farmacia Gabilondo","alternateName":"Farmazia Gabilondo","url":"https:\/\/farmaziagabilondo.es\/","logo":{"@type":"ImageObject","inLanguage":"eu","@id":"https:\/\/farmaziagabilondo.es\/#\/schema\/logo\/image\/","url":"https:\/\/farmaziagabilondo.es\/wp-content\/uploads\/2025\/05\/cropped-WhatsApp-Image-2025-05-05-at-17.33.13.jpeg","contentUrl":"https:\/\/farmaziagabilondo.es\/wp-content\/uploads\/2025\/05\/cropped-WhatsApp-Image-2025-05-05-at-17.33.13.jpeg","width":974,"height":443,"caption":"Farmacia Gabilondo"},"image":{"@id":"https:\/\/farmaziagabilondo.es\/#\/schema\/logo\/image\/"},"sameAs":["https:\/\/www.facebook.com\/gabilondofarma\/?locale=es_ES"]},{"@type":"Person","@id":"https:\/\/farmaziagabilondo.es\/#\/schema\/person\/98929ba027123e4158e3dbef16e55463","name":"admin","image":{"@type":"ImageObject","inLanguage":"eu","@id":"https:\/\/secure.gravatar.com\/avatar\/524df008767a9ec49862e969a5b0f8b6a00b45512120a49482cffd62408dfe0e?s=96&d=mm&r=g","url":"https:\/\/secure.gravatar.com\/avatar\/524df008767a9ec49862e969a5b0f8b6a00b45512120a49482cffd62408dfe0e?s=96&d=mm&r=g","contentUrl":"https:\/\/secure.gravatar.com\/avatar\/524df008767a9ec49862e969a5b0f8b6a00b45512120a49482cffd62408dfe0e?s=96&d=mm&r=g","caption":"admin"},"sameAs":["https:\/\/farmaziagabilondo.es"],"url":"https:\/\/farmaziagabilondo.es\/eu\/author\/farmaciagabilondo\/"}]}},"jetpack_featured_media_url":"https:\/\/farmaziagabilondo.es\/wp-content\/uploads\/2026\/03\/sefac2026-scaled.jpg","_links":{"self":[{"href":"https:\/\/farmaziagabilondo.es\/eu\/wp-json\/wp\/v2\/posts\/1086","targetHints":{"allow":["GET"]}}],"collection":[{"href":"https:\/\/farmaziagabilondo.es\/eu\/wp-json\/wp\/v2\/posts"}],"about":[{"href":"https:\/\/farmaziagabilondo.es\/eu\/wp-json\/wp\/v2\/types\/post"}],"author":[{"embeddable":true,"href":"https:\/\/farmaziagabilondo.es\/eu\/wp-json\/wp\/v2\/users\/1"}],"replies":[{"embeddable":true,"href":"https:\/\/farmaziagabilondo.es\/eu\/wp-json\/wp\/v2\/comments?post=1086"}],"version-history":[{"count":11,"href":"https:\/\/farmaziagabilondo.es\/eu\/wp-json\/wp\/v2\/posts\/1086\/revisions"}],"predecessor-version":[{"id":1099,"href":"https:\/\/farmaziagabilondo.es\/eu\/wp-json\/wp\/v2\/posts\/1086\/revisions\/1099"}],"wp:featuredmedia":[{"embeddable":true,"href":"https:\/\/farmaziagabilondo.es\/eu\/wp-json\/wp\/v2\/media\/1088"}],"wp:attachment":[{"href":"https:\/\/farmaziagabilondo.es\/eu\/wp-json\/wp\/v2\/media?parent=1086"}],"wp:term":[{"taxonomy":"category","embeddable":true,"href":"https:\/\/farmaziagabilondo.es\/eu\/wp-json\/wp\/v2\/categories?post=1086"},{"taxonomy":"post_tag","embeddable":true,"href":"https:\/\/farmaziagabilondo.es\/eu\/wp-json\/wp\/v2\/tags?post=1086"}],"curies":[{"name":"wp","href":"https:\/\/api.w.org\/{rel}","templated":true}]}}